{"id":50847,"date":"2025-02-11T09:01:53","date_gmt":"2025-02-11T08:01:53","guid":{"rendered":"https:\/\/www.dffb.de\/?p=50847"},"modified":"2025-05-13T14:57:00","modified_gmt":"2025-05-13T12:57:00","slug":"dffb-screening-schedule-berlinale","status":"publish","type":"post","link":"https:\/\/www.dffb.de\/en\/dffb-screening-schedule-berlinale\/","title":{"rendered":"DFFB Screen\u00ading Sched\u00adule @ Berli\u00adnale"},"content":{"rendered":"\n<p>The 75th edi\u00adtion of the Berli\u00adnale is com\u00ading up! This year, a DFFB grad\u00adu\u00ada\u00adtion film will cel\u00ade\u00adbrate its world pre\u00admiere in the Panora\u00adma and numer\u00adous alum\u00adni and lec\u00adtur\u00aders will present their works to the pub\u00adlic between 13 and 23 Feb\u00adru\u00adary 2025. Here you can find all infor\u00adma\u00adtion about the events and films: <\/p>\n\n\n\n<h2 class=\"wp-block-heading\">Grad\u00adu\u00ada\u00adtion film DFFB<\/h2>\n\n\n\n<p><a href=\"https:\/\/www.berlinale.de\/de\/2025\/programm\/202506848.html\"><strong>SCHWESTERHERZ\/\u200bTHE GOOD SISTER<\/strong><\/a><\/p>\n\n\n\n<p>Panora\u00adma<br>R: Sarah Miro Fis\u00adch\u00ader, B: Sarah Miro Fis\u00adch\u00ader &amp; Agnes Maa\u00adgaard Petersen, K: Sel\u00adma von Pol\u00adheim Gravesen, M: Ele\u00adna Wei\u00adhe, P: Nina Bay\u00ader-Seel &amp; Jan\u00adna Fodor<\/p>\n\n\n\n<ul class=\"wp-block-list\">\n<li>Fr, 14.02. um 17:30 Uhr, Haus der Berlin\u00ader Fest\u00adspiele<\/li>\n\n\n\n<li>Sa, 15.02. um 10:00 Uhr, Cubix 9<\/li>\n\n\n\n<li>So, 16.02. um 13:15 Uhr, Cubix 7<\/li>\n\n\n\n<li>Di, 18.02. um 16:00 Uhr, Zoo Palast 2<\/li>\n\n\n\n<li>Sa, 22.02. um 21:30 Uhr, Zoo Palast 1<\/li>\n\n\n\n<li>So, 23.02. um 10:30 Uhr, Cubix 7<\/li>\n<\/ul>\n\n\n\n<p><\/p>\n\n\n\n<h2 class=\"wp-block-heading\">Films and Events with members\/\u200balumni of DFFB<\/h2>\n\n\n\n<p><a href=\"https:\/\/www.berlinale.de\/de\/2025\/programm\/202518037.html\"><strong>Come (Bite) Back! Wie Untote Genre neu erfind\u00aden<\/strong><\/a><\/p>\n\n\n\n<p>Ret\u00adro\u00adspek\u00adtive Event<br>With alum\u00adnus Till Klein\u00adert<\/p>\n\n\n\n<ul class=\"wp-block-list\">\n<li>Mi, 19.02. um 18:30, Deutsche Kine\u00admath\u00adek \/\u200b E\u2011Werk<\/li>\n<\/ul>\n\n\n\n<p><a href=\"https:\/\/www.berlinale.de\/de\/2025\/programm\/202518131.html\"><strong>Lis\u00adten to Your Cre\u00adative Core: Why Film\u00admak\u00ading Needs Courage<\/strong><\/a><\/p>\n\n\n\n<p>Berli\u00adnale Tal\u00adents<br>With alum\u00adna Sara Fazi\u00adlat&nbsp;<\/p>\n\n\n\n<ul class=\"wp-block-list\">\n<li>So, 16.02. um 17:00, HAU Hebbel am Ufer (HAU2)<\/li>\n<\/ul>\n\n\n\n<p><a href=\"https:\/\/www.berlinale.de\/de\/2025\/programm\/202501411.html\"><strong>ISLANDS<\/strong><\/a><\/p>\n\n\n\n<p>Berli\u00adnale Spe\u00adcial Gala<br>With Alum\u00adnus Jan-Ole Ger\u00adster (Regie)<\/p>\n\n\n\n<ul class=\"wp-block-list\">\n<li>So, 16.02. um 22:00 Uhr, Zoo Palast 1<\/li>\n\n\n\n<li>Mo, 17.02. um 16:00 Uhr, Uber Eats Music Hall<\/li>\n\n\n\n<li>Di, 18.02. um 18:30 Uhr, Colos\u00adse\u00adum 1<\/li>\n\n\n\n<li>Mi, 19.02. um 10:00 Uhr, HKW 1 \u2013 Miri\u00adam Make\u00adba Audi\u00adto\u00adri\u00adum<\/li>\n<\/ul>\n\n\n\n<p><a href=\"https:\/\/www.berlinale.de\/de\/2025\/programm\/202504318.html\"><strong>ZIRKUSKIND<\/strong><\/a><\/p>\n\n\n\n<p>Gen\u00ader\u00ada\u00adtion Kplus<br>With Alum\u00adna Julia Lemke (director\/\u200bscript) und Alum\u00adna Anna Koch (director\/\u200bscript)<\/p>\n\n\n\n<ul class=\"wp-block-list\">\n<li>Sa, 15.02. um 09:45 Uhr, Cubix 6<\/li>\n\n\n\n<li>Mo, 17.02. um 09:30 Uhr, Zoo Palast 1<\/li>\n\n\n\n<li>Di, 18.02. um 16:00 Uhr, Cubix 6<\/li>\n\n\n\n<li>Mi, 19.02. um 15:45 Uhr, Filmthe\u00adater am Friedrichshain<\/li>\n\n\n\n<li>Do, 20.02. um 12:30 Uhr, Zoo Palast 1<\/li>\n\n\n\n<li>Sa, 22.02. um 16:00 Uhr, Cubix 6<\/li>\n<\/ul>\n\n\n\n<p><a href=\"https:\/\/www.berlinale.de\/de\/2025\/programm\/202501646.html\"><strong>PATERNAL LEAVE<\/strong><\/a><\/p>\n\n\n\n<p>Gen\u00ader\u00ada\u00adtion 14plus<br>With alum\u00adna C\u00e9cile Tol\u00adlu-Polonows\u00adki (pro\u00adduc\u00ader)<\/p>\n\n\n\n<ul class=\"wp-block-list\">\n<li>Sa, 15.02. um 12:15 Uhr, Zoo Palast 1<\/li>\n\n\n\n<li>So, 16.02. um 18:45 Uhr, Zoo Palast 2<\/li>\n\n\n\n<li>Mo, 17.02. um 09:30 Uhr, Stage Blue\u00admax The\u00adater<\/li>\n\n\n\n<li>So, 23.02. um 19:00 Uhr, HKW 1 \u2013 Miri\u00adam Make\u00adba Audi\u00adto\u00adri\u00adum<\/li>\n<\/ul>\n\n\n\n<p><a href=\"https:\/\/www.berlinale.de\/en\/2025\/programme\/202506075.html\"><strong>WHEN LIGHTNING FLASHES OVER THE SEA<\/strong><\/a><\/p>\n\n\n\n<p>Forum<br>With alum\u00adna Eva Ney\u00admann (director\/\u200bDOP), Alum\u00adnus Sa\u0161a Ore\u0161kovi\u0107 (DOP) and alum\u00adnus and lec\u00adtur\u00ader Kir\u00adill Krasovs\u00adki (pro\u00adduc\u00ader)<\/p>\n\n\n\n<ul class=\"wp-block-list\">\n<li>Sa, 15.02. um 11:00 Uhr, Del\u00adphi Film\u00adpalast<\/li>\n\n\n\n<li>So, 16.02. um 17:45 Uhr, Cin\u00ade\u00adma Beton\u00adhalle @ Silent Green<\/li>\n\n\n\n<li>Sa, 22.02. um 12:30 Uhr, Arse\u00adnal 1<\/li>\n<\/ul>\n\n\n\n<p><a href=\"https:\/\/www.berlinale.de\/en\/2025\/programme\/202503028.html\"><strong>DELICIOUS<\/strong><\/a><\/p>\n\n\n\n<p>Panora\u00adma<br>With alum\u00adnus Jonas Dorn\u00adbach (pro\u00adduc\u00ader)<\/p>\n\n\n\n<ul class=\"wp-block-list\">\n<li>Di, 18.02. um 18:30 Uhr, Zoo Palast 1<\/li>\n\n\n\n<li>Mi, 19.02. um 15:30 Uhr, Ura\u00adnia<\/li>\n\n\n\n<li>Do, 20.02. um 22:00 Uhr, Cubix 7<\/li>\n\n\n\n<li>Fr, 21.02. um 22:00 Uhr, Cubix 9<\/li>\n\n\n\n<li>So, 23.02. um 19:15 Uhr, Cubix 8<\/li>\n<\/ul>\n\n\n\n<p><a href=\"https:\/\/www.berlinale.de\/de\/2025\/programm\/202510612.html\"><strong>WELCOME HOME BABY<\/strong><\/a><\/p>\n\n\n\n<p>Panora\u00adma<br>With alum\u00adna Car\u00admen Tre\u00adichel (DOP) und Ser\u00adi\u00adal Eyes alum\u00adna Daniela Baumg\u00e4rtl (script)<\/p>\n\n\n\n<ul class=\"wp-block-list\">\n<li>Do, 13.02. um 21:00 Uhr, Zoo Palast 1<\/li>\n\n\n\n<li>Do, 13.02. um 21:30 Uhr, Zoo Palast 2<\/li>\n\n\n\n<li>Fr, 14.02. um 14:30 Uhr, Uber Eats Music Hall<\/li>\n\n\n\n<li>Sa, 15.02. um 20:30 Uhr, City Kino Wed\u00adding<\/li>\n\n\n\n<li>Sa, 15.02. um 22:00 Uhr, Cubix 9<\/li>\n\n\n\n<li>So, 16.02. um 10:15 Uhr, Cubix 7<\/li>\n\n\n\n<li>Do, 20.02. um 22:00 Uhr, Cubix 6<\/li>\n<\/ul>\n\n\n\n<p><a href=\"https:\/\/www.berlinale.de\/de\/2025\/programm\/202516907.html\"><strong>MIT DER FAUST IN DIE WELT SCHLAGEN<\/strong><\/a><\/p>\n\n\n\n<p>Per\u00adspec\u00adtives<\/p>\n\n\n\n<p>With alum\u00adnus Alexan\u00adder Wadouh (pro\u00adduc\u00ader), lum\u00adna Rox\u00adana Richters (pro\u00adduc\u00ader) and alum\u00adnus Mar\u00adtin Heisler (pro\u00adduc\u00ader)<\/p>\n\n\n\n<ul class=\"wp-block-list\">\n<li>So, 16.02. um 18:30 Uhr, Stage Blue\u00admax The\u00adater<\/li>\n\n\n\n<li>Mo, 17.02. um 13:00 Uhr, Cubix 9<\/li>\n\n\n\n<li>Di, 18.02. um 21:30 Uhr, Cubix 8<\/li>\n\n\n\n<li>Do, 20.02. um 15:30 Uhr, Colos\u00adse\u00adum 1<\/li>\n\n\n\n<li>Fr, 21.02. um 14:45 Uhr, Cubix 9<\/li>\n<\/ul>\n\n\n\n<p><a href=\"https:\/\/www.berlinale.de\/de\/2025\/programm\/202511195.html\"><strong>MINIMALS IN A TITANIC WORLD<\/strong><\/a><\/p>\n\n\n\n<p>Forum<br>With alum\u00adnus Alexan\u00adder Wadouh (pro\u00adduc\u00ader) and alum\u00adna Rox\u00adana Richters (pro\u00adduc\u00ader)<\/p>\n\n\n\n<ul class=\"wp-block-list\">\n<li>Mi, 19.02. um 21:00 Uhr, Del\u00adphi Film\u00adpalast<\/li>\n\n\n\n<li>Do, 20.02. um 15:30 Uhr, Stage Blue\u00admax The\u00adater<\/li>\n\n\n\n<li>Fr, 21.02. um 10:00 Uhr Arse\u00adnal 1<\/li>\n\n\n\n<li>Sa, 22.02. um 13:00 Uhr, Cubix 8<\/li>\n<\/ul>\n\n\n\n<p><a href=\"https:\/\/www.berlinale.de\/de\/2025\/programm\/202504164.html\"><strong>K\u00d6LN 75<\/strong><\/a><\/p>\n\n\n\n<p>Berli\u00adnale Spe\u00adcial Gala<br>With alum\u00adnus Sol Bondy (pro\u00adduc\u00ader) und alum\u00adnus Fred Burle (pro\u00adduc\u00ader)<\/p>\n\n\n\n<ul class=\"wp-block-list\">\n<li>So, 16.02. um 14:00 Uhr, Haus der Berlin\u00ader Fest\u00adspiele<\/li>\n\n\n\n<li>Mo, 17.02. um 16:00 Uhr, Akademie der K\u00fcn\u00adste<\/li>\n\n\n\n<li>Di, 18.02. um 20:00 Uhr, Odeon<\/li>\n\n\n\n<li>Di, 18.02. um 21:30 Uhr, Colos\u00adse\u00adum 1<\/li>\n\n\n\n<li>Fr, 21.02. um 15:15 Uhr, Haus der Berlin\u00ader Fest\u00adspiele<\/li>\n\n\n\n<li>So, 23.02. um 10:00 Uhr, Uber Eats Music Hall<\/li>\n<\/ul>\n\n\n\n<p><a href=\"https:\/\/www.berlinale.de\/de\/2025\/programm\/202503715.html\"><strong>PETER HUJAR\u2019S DAY<\/strong><\/a><\/p>\n\n\n\n<p>Panora\u00adma<br>With alum\u00adnus Sol Bondy (pro\u00adduc\u00ader) und alum\u00adnus Fred Burle (pro\u00adduc\u00ader)<\/p>\n\n\n\n<ul class=\"wp-block-list\">\n<li>Fr, 14.02. um 18:30 Uhr, Zoo Palast 1<\/li>\n\n\n\n<li>Sa, 15.02. um 15:30 Uhr, Ura\u00adnia<\/li>\n\n\n\n<li>So, 16.02. um 22:00 Uhr, Cubix 7<\/li>\n\n\n\n<li>Mo, 17.02. um 21:45 Uhr, Filmthe\u00adater am Friedrichshain<\/li>\n\n\n\n<li>Sa, 22.02. um 12:30 Uhr, Cubix 9<\/li>\n<\/ul>\n\n\n\n<p><a href=\"https:\/\/www.berlinale.de\/de\/2025\/programm\/202504315.html\"><strong>THE NATURE OF INVISIBLE THINGS<\/strong><\/a><\/p>\n\n\n\n<p>Gen\u00ader\u00ada\u00adtion Kplus<br>With alum\u00adnus Fred Burle (pro\u00adduc\u00ader)<\/p>\n\n\n\n<ul class=\"wp-block-list\">\n<li>Fr, 14.02. um 15:30 Uhr, HKW 1 \u2013 Miri\u00adam Make\u00adba Audi\u00adto\u00adri\u00adum<\/li>\n\n\n\n<li>Sa, 15.02. um 10:00 Uhr, Zoo Palast 2<\/li>\n\n\n\n<li>Sa, 15.02. um 11:30 Uhr, Cubix 6<\/li>\n\n\n\n<li>So, 16.02. um 16:00 Uhr, Cubix 6<\/li>\n\n\n\n<li>Do, 20.02. um 13:00 Uhr, Zoo Palast 2<\/li>\n\n\n\n<li>Fr, 21.02. um 09:30 Uhr, Zoo Palast 1<\/li>\n<\/ul>\n\n\n\n<p><a href=\"https:\/\/www.berlinale.de\/de\/2025\/programm\/202506777.html\"><strong>UNSERE ZEIT WIRD KOMMEN<\/strong><\/a><\/p>\n\n\n\n<p>Forum<br>With alum\u00adnus and lec\u00adtur\u00ader Frank Amann (DOP)<\/p>\n\n\n\n<ul class=\"wp-block-list\">\n<li>So, 16.02. um 14:00 Uhr, Del\u00adphi Film\u00adpalast<\/li>\n\n\n\n<li>Mi, 19.02. um 18:15 Uhr, Kino Beton\u00adhalle @ Silent Green<\/li>\n\n\n\n<li>Fr, 21.02. um 10:00 Uhr, Cubix 8<\/li>\n<\/ul>\n\n\n\n<p><a href=\"https:\/\/www.berlinale.de\/de\/2025\/programm\/202518020.html\"><strong>19 Going on 20: Short Films from 19 Years of Forum Expand\u00aded<\/strong><\/a><\/p>\n\n\n\n<p>Forum Expand\u00aded Jubil\u00e4um<br>With alum\u00adnus Harun Faroc\u00adki (Direc\u00adtor ZUR BAUWEISE DES FILMS BEI GRIFFITH)<\/p>\n\n\n\n<ul class=\"wp-block-list\">\n<li>So, 16.02. um 12:00 Uhr, SAVVY Con\u00adtem\u00adpo\u00adrary<\/li>\n\n\n\n<li>Mo, 17.02. um 12:00 Uhr, Silent Green Kul\u00adturquarti\u00ader<\/li>\n\n\n\n<li>Di, 18.02. um 12:00 Uhr, SINEMA TRANSTOPIA<\/li>\n<\/ul>\n\n\n\n<p><a href=\"https:\/\/www.berlinale.de\/de\/2025\/programm\/202517128.html\"><strong>EINER VON UNS BEIDEN<\/strong><\/a><\/p>\n\n\n\n<p>Ret\u00adro\u00adspek\u00adtive<br>With alum\u00adnus Wolf\u00adgang Petersen (direc\u00adtor)<\/p>\n\n\n\n<ul class=\"wp-block-list\">\n<li>Fr, 14.02. um 22:00 Uhr, Akademie der K\u00fcn\u00adste<\/li>\n\n\n\n<li>Mo, 17.02. um 21:30 Uhr, Akademie der K\u00fcn\u00adste<\/li>\n<\/ul>\n\n\n\n<p><\/p>\n\n\n\n<h2 class=\"wp-block-heading\">DFFB members\/\u200balumni at the Ger\u00adman Film Crit\u00adics\u2019 Award<\/h2>\n\n\n\n<p>The Ger\u00adman Film Crit\u00adics\u2019 Asso\u00adci\u00ada\u00adtion has nom\u00adi\u00adnat\u00aded the DFFB grad\u00adu\u00ada\u00adtion film&nbsp;<a href=\"https:\/\/www.dffb.de\/films\/was-hast-du-gestern-getraeumt-parajanov\/\">WAS HAST DU GESTERN GETR\u00c4UMT, PARAJANOV?<\/a>&nbsp;by alum\u00adnus Faraz Fes\u00adhara\u00adki (C: Faraz Fes\u00adhara\u00adki &amp; Moritz Friese, P: Eweli\u00adna Rosin\u00ads\u00adka &amp; Luise Hauschild &amp; Mari\u00adam Shat\u00adberashvili) in the cat\u00ade\u00adgo\u00adry \u201cBest Doc\u00adu\u00admen\u00adtary Film\u201d of the year 2024.<\/p>\n\n\n\n<p>Our alum\u00adnus Thomas Arslan (VERBRANNTE ERDE) is nom\u00adi\u00adnat\u00aded in the \u2018Best Fea\u00adture Film\u2019 cat\u00ade\u00adgo\u00adry. And alum\u00adni Ramon Z\u00fcrcher and Alex Ha\u00dfk\u00aderl are nom\u00adi\u00adnat\u00aded for \u2018Best Screen\u00adplay\u2019, \u2018Best Edit\u00ading\u2019 and \u2018Best Visu\u00adal Design\u2019 (DER SPATZ IM KAMIN).<\/p>\n\n\n\n<p>The award cer\u00ade\u00admo\u00adny will take place on Sun\u00adday, 16 Feb\u00adru\u00adary 2025 at the Akademie der K\u00fcn\u00adste in Berlin.<\/p>\n\n\n\n<p><\/p>\n\n\n\n<h2 class=\"wp-block-heading\">DFFB members\/\u200balumni at Euro\u00adpean Film Mar\u00adket<\/h2>\n\n\n\n<p>This year, the Euro\u00adpean Film Mar\u00adket (EFM) will once again take place along\u00adside the Berli\u00adnale. Our stu\u00addent Yusuf \u00c7elik is also on the jury for the Gen Z Audi\u00adence Award, which will be pre\u00adsent\u00aded for the first time. The prize is award\u00aded by the jury of film stu\u00addents to a pro\u00adduc\u00adtion that appears par\u00adtic\u00adu\u00adlar\u00adly inter\u00adest\u00ading for an audi\u00adence aged 20\u201328.<\/p>\n","protected":false},"excerpt":{"rendered":"<p>The 75th edi\u00adtion of the Berli\u00adnale is com\u00ading up! This year, a DFFB grad\u00adu\u00ada\u00adtion film will cel\u00ade\u00adbrate its world pre\u00admiere in the Panora\u00adma and numer\u00adous alum\u00adni and lec\u00adtur\u00aders will present their works to the pub\u00adlic between 13 and 23 Feb\u00adru\u00adary 2025. Here you can find all infor\u00adma\u00adtion about the events and films: Grad\u00adu\u00ada\u00adtion film DFFB [\u2026]<\/p>\n","protected":false},"author":4,"featured_media":49554,"comment_status":"closed","ping_status":"closed","sticky":false,"template":"","format":"standard","meta":{"_acf_changed":false,"wp_typography_post_enhancements_disabled":false,"footnotes":""},"categories":[82],"tags":[],"class_list":["post-50847","post","type-post","status-publish","format-standard","has-post-thumbnail","hentry","category-journal-en"],"acf":[],"yoast_head":"<!-- This site is optimized with the Yoast SEO plugin v26.8 - https:\/\/yoast.com\/product\/yoast-seo-wordpress\/ -->\n<title>DFFB Screening Schedule @ Berlinale - DFFB<\/title>\n<meta name=\"robots\" content=\"index, follow, max-snippet:-1, max-image-preview:large, max-video-preview:-1\" \/>\n<link rel=\"canonical\" href=\"https:\/\/www.dffb.de\/en\/dffb-screening-schedule-berlinale\/\" \/>\n<meta property=\"og:locale\" content=\"en_US\" \/>\n<meta property=\"og:type\" content=\"article\" \/>\n<meta property=\"og:title\" content=\"DFFB Screening Schedule @ Berlinale - DFFB\" \/>\n<meta property=\"og:description\" content=\"The 75th edi\u00adtion of the Berli\u00adnale is com\u00ading up! This year, a DFFB grad\u00adu\u00ada\u00adtion film will cel\u00ade\u00adbrate its world pre\u00admiere in the Panora\u00adma and numer\u00adous alum\u00adni and lec\u00adtur\u00aders will present their works to the pub\u00adlic between 13 and 23 Feb\u00adru\u00adary 2025. Here you can find all infor\u00adma\u00adtion about the events and films: Grad\u00adu\u00ada\u00adtion film DFFB [&hellip;]\" \/>\n<meta property=\"og:url\" content=\"https:\/\/www.dffb.de\/en\/dffb-screening-schedule-berlinale\/\" \/>\n<meta property=\"og:site_name\" content=\"DFFB\" \/>\n<meta property=\"article:publisher\" content=\"https:\/\/www.facebook.com\/deutschefilmundfernsehakademieberlin\/\" \/>\n<meta property=\"article:published_time\" content=\"2025-02-11T08:01:53+00:00\" \/>\n<meta property=\"article:modified_time\" content=\"2025-05-13T12:57:00+00:00\" \/>\n<meta property=\"og:image\" content=\"https:\/\/www.dffb.de\/wp-content\/uploads\/2025\/02\/2-key-visual.jpg\" \/>\n\t<meta property=\"og:image:width\" content=\"1920\" \/>\n\t<meta property=\"og:image:height\" content=\"1080\" \/>\n\t<meta property=\"og:image:type\" content=\"image\/jpeg\" \/>\n<meta name=\"author\" content=\"kathrin_dffb\" \/>\n<meta name=\"twitter:card\" content=\"summary_large_image\" \/>\n<meta name=\"twitter:label1\" content=\"Written by\" \/>\n\t<meta name=\"twitter:data1\" content=\"kathrin_dffb\" \/>\n\t<meta name=\"twitter:label2\" content=\"Est. reading time\" \/>\n\t<meta name=\"twitter:data2\" content=\"7 minutes\" \/>\n<script type=\"application\/ld+json\" class=\"yoast-schema-graph\">{\"@context\":\"https:\/\/schema.org\",\"@graph\":[{\"@type\":\"Article\",\"@id\":\"https:\/\/www.dffb.de\/en\/dffb-screening-schedule-berlinale\/#article\",\"isPartOf\":{\"@id\":\"https:\/\/www.dffb.de\/en\/dffb-screening-schedule-berlinale\/\"},\"author\":{\"name\":\"kathrin_dffb\",\"@id\":\"https:\/\/www.dffb.de\/#\/schema\/person\/53f11a75d7592526a3340ab7405a4e51\"},\"headline\":\"DFFB Screen\u00ading Sched\u00adule @ Berli\u00adnale\",\"datePublished\":\"2025-02-11T08:01:53+00:00\",\"dateModified\":\"2025-05-13T12:57:00+00:00\",\"mainEntityOfPage\":{\"@id\":\"https:\/\/www.dffb.de\/en\/dffb-screening-schedule-berlinale\/\"},\"wordCount\":862,\"publisher\":{\"@id\":\"https:\/\/www.dffb.de\/#organization\"},\"image\":{\"@id\":\"https:\/\/www.dffb.de\/en\/dffb-screening-schedule-berlinale\/#primaryimage\"},\"thumbnailUrl\":\"https:\/\/www.dffb.de\/wp-content\/uploads\/2025\/02\/2-key-visual.jpg\",\"articleSection\":[\"Journal\"],\"inLanguage\":\"en-US\"},{\"@type\":\"WebPage\",\"@id\":\"https:\/\/www.dffb.de\/en\/dffb-screening-schedule-berlinale\/\",\"url\":\"https:\/\/www.dffb.de\/en\/dffb-screening-schedule-berlinale\/\",\"name\":\"DFFB Screening Schedule @ Berlinale - DFFB\",\"isPartOf\":{\"@id\":\"https:\/\/www.dffb.de\/#website\"},\"primaryImageOfPage\":{\"@id\":\"https:\/\/www.dffb.de\/en\/dffb-screening-schedule-berlinale\/#primaryimage\"},\"image\":{\"@id\":\"https:\/\/www.dffb.de\/en\/dffb-screening-schedule-berlinale\/#primaryimage\"},\"thumbnailUrl\":\"https:\/\/www.dffb.de\/wp-content\/uploads\/2025\/02\/2-key-visual.jpg\",\"datePublished\":\"2025-02-11T08:01:53+00:00\",\"dateModified\":\"2025-05-13T12:57:00+00:00\",\"breadcrumb\":{\"@id\":\"https:\/\/www.dffb.de\/en\/dffb-screening-schedule-berlinale\/#breadcrumb\"},\"inLanguage\":\"en-US\",\"potentialAction\":[{\"@type\":\"ReadAction\",\"target\":[\"https:\/\/www.dffb.de\/en\/dffb-screening-schedule-berlinale\/\"]}]},{\"@type\":\"ImageObject\",\"inLanguage\":\"en-US\",\"@id\":\"https:\/\/www.dffb.de\/en\/dffb-screening-schedule-berlinale\/#primaryimage\",\"url\":\"https:\/\/www.dffb.de\/wp-content\/uploads\/2025\/02\/2-key-visual.jpg\",\"contentUrl\":\"https:\/\/www.dffb.de\/wp-content\/uploads\/2025\/02\/2-key-visual.jpg\",\"width\":1920,\"height\":1080},{\"@type\":\"BreadcrumbList\",\"@id\":\"https:\/\/www.dffb.de\/en\/dffb-screening-schedule-berlinale\/#breadcrumb\",\"itemListElement\":[{\"@type\":\"ListItem\",\"position\":1,\"name\":\"Startseite\",\"item\":\"https:\/\/www.dffb.de\/en\/\"},{\"@type\":\"ListItem\",\"position\":2,\"name\":\"DFFB Screening Schedule @ Berlinale\"}]},{\"@type\":\"WebSite\",\"@id\":\"https:\/\/www.dffb.de\/#website\",\"url\":\"https:\/\/www.dffb.de\/\",\"name\":\"DFFB\",\"description\":\"Deutsche Film- und Fernsehakademie Berlin\",\"publisher\":{\"@id\":\"https:\/\/www.dffb.de\/#organization\"},\"potentialAction\":[{\"@type\":\"SearchAction\",\"target\":{\"@type\":\"EntryPoint\",\"urlTemplate\":\"https:\/\/www.dffb.de\/?s={search_term_string}\"},\"query-input\":{\"@type\":\"PropertyValueSpecification\",\"valueRequired\":true,\"valueName\":\"search_term_string\"}}],\"inLanguage\":\"en-US\"},{\"@type\":\"Organization\",\"@id\":\"https:\/\/www.dffb.de\/#organization\",\"name\":\"Deutsche Film- und Fernsehakademie Berlin\",\"url\":\"https:\/\/www.dffb.de\/\",\"logo\":{\"@type\":\"ImageObject\",\"inLanguage\":\"en-US\",\"@id\":\"https:\/\/www.dffb.de\/#\/schema\/logo\/image\/\",\"url\":\"https:\/\/www.dffb.de\/wp-content\/uploads\/2018\/11\/DFFB-LOGO-RGB-SCHWARZ-ab-40mm.jpg\",\"contentUrl\":\"https:\/\/www.dffb.de\/wp-content\/uploads\/2018\/11\/DFFB-LOGO-RGB-SCHWARZ-ab-40mm.jpg\",\"width\":3000,\"height\":982,\"caption\":\"Deutsche Film- und Fernsehakademie Berlin\"},\"image\":{\"@id\":\"https:\/\/www.dffb.de\/#\/schema\/logo\/image\/\"},\"sameAs\":[\"https:\/\/www.facebook.com\/deutschefilmundfernsehakademieberlin\/\",\"https:\/\/www.instagram.com\/dffb_berlin_filmschool\/\"]},{\"@type\":\"Person\",\"@id\":\"https:\/\/www.dffb.de\/#\/schema\/person\/53f11a75d7592526a3340ab7405a4e51\",\"name\":\"kathrin_dffb\",\"url\":\"https:\/\/www.dffb.de\/en\/author\/kathrin_dffb\/\"}]}<\/script>\n<!-- \/ Yoast SEO plugin. -->","yoast_head_json":{"title":"DFFB Screening Schedule @ Berlinale - DFFB","robots":{"index":"index","follow":"follow","max-snippet":"max-snippet:-1","max-image-preview":"max-image-preview:large","max-video-preview":"max-video-preview:-1"},"canonical":"https:\/\/www.dffb.de\/en\/dffb-screening-schedule-berlinale\/","og_locale":"en_US","og_type":"article","og_title":"DFFB Screening Schedule @ Berlinale - DFFB","og_description":"The 75th edi\u00adtion of the Berli\u00adnale is com\u00ading up! This year, a DFFB grad\u00adu\u00ada\u00adtion film will cel\u00ade\u00adbrate its world pre\u00admiere in the Panora\u00adma and numer\u00adous alum\u00adni and lec\u00adtur\u00aders will present their works to the pub\u00adlic between 13 and 23 Feb\u00adru\u00adary 2025. Here you can find all infor\u00adma\u00adtion about the events and films: Grad\u00adu\u00ada\u00adtion film DFFB [&hellip;]","og_url":"https:\/\/www.dffb.de\/en\/dffb-screening-schedule-berlinale\/","og_site_name":"DFFB","article_publisher":"https:\/\/www.facebook.com\/deutschefilmundfernsehakademieberlin\/","article_published_time":"2025-02-11T08:01:53+00:00","article_modified_time":"2025-05-13T12:57:00+00:00","og_image":[{"width":1920,"height":1080,"url":"https:\/\/www.dffb.de\/wp-content\/uploads\/2025\/02\/2-key-visual.jpg","type":"image\/jpeg"}],"author":"kathrin_dffb","twitter_card":"summary_large_image","twitter_misc":{"Written by":"kathrin_dffb","Est. reading time":"7 minutes"},"schema":{"@context":"https:\/\/schema.org","@graph":[{"@type":"Article","@id":"https:\/\/www.dffb.de\/en\/dffb-screening-schedule-berlinale\/#article","isPartOf":{"@id":"https:\/\/www.dffb.de\/en\/dffb-screening-schedule-berlinale\/"},"author":{"name":"kathrin_dffb","@id":"https:\/\/www.dffb.de\/#\/schema\/person\/53f11a75d7592526a3340ab7405a4e51"},"headline":"DFFB Screen\u00ading Sched\u00adule @ Berli\u00adnale","datePublished":"2025-02-11T08:01:53+00:00","dateModified":"2025-05-13T12:57:00+00:00","mainEntityOfPage":{"@id":"https:\/\/www.dffb.de\/en\/dffb-screening-schedule-berlinale\/"},"wordCount":862,"publisher":{"@id":"https:\/\/www.dffb.de\/#organization"},"image":{"@id":"https:\/\/www.dffb.de\/en\/dffb-screening-schedule-berlinale\/#primaryimage"},"thumbnailUrl":"https:\/\/www.dffb.de\/wp-content\/uploads\/2025\/02\/2-key-visual.jpg","articleSection":["Journal"],"inLanguage":"en-US"},{"@type":"WebPage","@id":"https:\/\/www.dffb.de\/en\/dffb-screening-schedule-berlinale\/","url":"https:\/\/www.dffb.de\/en\/dffb-screening-schedule-berlinale\/","name":"DFFB Screening Schedule @ Berlinale - DFFB","isPartOf":{"@id":"https:\/\/www.dffb.de\/#website"},"primaryImageOfPage":{"@id":"https:\/\/www.dffb.de\/en\/dffb-screening-schedule-berlinale\/#primaryimage"},"image":{"@id":"https:\/\/www.dffb.de\/en\/dffb-screening-schedule-berlinale\/#primaryimage"},"thumbnailUrl":"https:\/\/www.dffb.de\/wp-content\/uploads\/2025\/02\/2-key-visual.jpg","datePublished":"2025-02-11T08:01:53+00:00","dateModified":"2025-05-13T12:57:00+00:00","breadcrumb":{"@id":"https:\/\/www.dffb.de\/en\/dffb-screening-schedule-berlinale\/#breadcrumb"},"inLanguage":"en-US","potentialAction":[{"@type":"ReadAction","target":["https:\/\/www.dffb.de\/en\/dffb-screening-schedule-berlinale\/"]}]},{"@type":"ImageObject","inLanguage":"en-US","@id":"https:\/\/www.dffb.de\/en\/dffb-screening-schedule-berlinale\/#primaryimage","url":"https:\/\/www.dffb.de\/wp-content\/uploads\/2025\/02\/2-key-visual.jpg","contentUrl":"https:\/\/www.dffb.de\/wp-content\/uploads\/2025\/02\/2-key-visual.jpg","width":1920,"height":1080},{"@type":"BreadcrumbList","@id":"https:\/\/www.dffb.de\/en\/dffb-screening-schedule-berlinale\/#breadcrumb","itemListElement":[{"@type":"ListItem","position":1,"name":"Startseite","item":"https:\/\/www.dffb.de\/en\/"},{"@type":"ListItem","position":2,"name":"DFFB Screening Schedule @ Berlinale"}]},{"@type":"WebSite","@id":"https:\/\/www.dffb.de\/#website","url":"https:\/\/www.dffb.de\/","name":"DFFB","description":"Deutsche Film- und Fernsehakademie Berlin","publisher":{"@id":"https:\/\/www.dffb.de\/#organization"},"potentialAction":[{"@type":"SearchAction","target":{"@type":"EntryPoint","urlTemplate":"https:\/\/www.dffb.de\/?s={search_term_string}"},"query-input":{"@type":"PropertyValueSpecification","valueRequired":true,"valueName":"search_term_string"}}],"inLanguage":"en-US"},{"@type":"Organization","@id":"https:\/\/www.dffb.de\/#organization","name":"Deutsche Film- und Fernsehakademie Berlin","url":"https:\/\/www.dffb.de\/","logo":{"@type":"ImageObject","inLanguage":"en-US","@id":"https:\/\/www.dffb.de\/#\/schema\/logo\/image\/","url":"https:\/\/www.dffb.de\/wp-content\/uploads\/2018\/11\/DFFB-LOGO-RGB-SCHWARZ-ab-40mm.jpg","contentUrl":"https:\/\/www.dffb.de\/wp-content\/uploads\/2018\/11\/DFFB-LOGO-RGB-SCHWARZ-ab-40mm.jpg","width":3000,"height":982,"caption":"Deutsche Film- und Fernsehakademie Berlin"},"image":{"@id":"https:\/\/www.dffb.de\/#\/schema\/logo\/image\/"},"sameAs":["https:\/\/www.facebook.com\/deutschefilmundfernsehakademieberlin\/","https:\/\/www.instagram.com\/dffb_berlin_filmschool\/"]},{"@type":"Person","@id":"https:\/\/www.dffb.de\/#\/schema\/person\/53f11a75d7592526a3340ab7405a4e51","name":"kathrin_dffb","url":"https:\/\/www.dffb.de\/en\/author\/kathrin_dffb\/"}]}},"_links":{"self":[{"href":"https:\/\/www.dffb.de\/en\/wp-json\/wp\/v2\/posts\/50847","targetHints":{"allow":["GET"]}}],"collection":[{"href":"https:\/\/www.dffb.de\/en\/wp-json\/wp\/v2\/posts"}],"about":[{"href":"https:\/\/www.dffb.de\/en\/wp-json\/wp\/v2\/types\/post"}],"author":[{"embeddable":true,"href":"https:\/\/www.dffb.de\/en\/wp-json\/wp\/v2\/users\/4"}],"replies":[{"embeddable":true,"href":"https:\/\/www.dffb.de\/en\/wp-json\/wp\/v2\/comments?post=50847"}],"version-history":[{"count":2,"href":"https:\/\/www.dffb.de\/en\/wp-json\/wp\/v2\/posts\/50847\/revisions"}],"predecessor-version":[{"id":50849,"href":"https:\/\/www.dffb.de\/en\/wp-json\/wp\/v2\/posts\/50847\/revisions\/50849"}],"wp:featuredmedia":[{"embeddable":true,"href":"https:\/\/www.dffb.de\/en\/wp-json\/wp\/v2\/media\/49554"}],"wp:attachment":[{"href":"https:\/\/www.dffb.de\/en\/wp-json\/wp\/v2\/media?parent=50847"}],"wp:term":[{"taxonomy":"category","embeddable":true,"href":"https:\/\/www.dffb.de\/en\/wp-json\/wp\/v2\/categories?post=50847"},{"taxonomy":"post_tag","embeddable":true,"href":"https:\/\/www.dffb.de\/en\/wp-json\/wp\/v2\/tags?post=50847"}],"curies":[{"name":"wp","href":"https:\/\/api.w.org\/{rel}","templated":true}]}}